{"id":612,"date":"2020-03-03T09:49:34","date_gmt":"2020-03-03T09:49:34","guid":{"rendered":"http:\/\/panaderialacuesta.com\/?p=612"},"modified":"2020-03-03T09:53:00","modified_gmt":"2020-03-03T09:53:00","slug":"el-mollete-de-marchena","status":"publish","type":"post","link":"https:\/\/panaderialacuesta.com\/index.php\/2020\/03\/03\/el-mollete-de-marchena\/","title":{"rendered":"El mollete de Marchena y el Franc\u00e9s"},"content":{"rendered":"\n<figure class=\"wp-block-image size-large\"><img loading=\"lazy\" decoding=\"async\" width=\"800\" height=\"530\" src=\"http:\/\/panaderialacuesta.com\/wp-content\/uploads\/2020\/03\/mollete-1.jpg\" alt=\"\" class=\"wp-image-614\" srcset=\"https:\/\/panaderialacuesta.com\/wp-content\/uploads\/2020\/03\/mollete-1.jpg 800w, https:\/\/panaderialacuesta.com\/wp-content\/uploads\/2020\/03\/mollete-1-300x199.jpg 300w, https:\/\/panaderialacuesta.com\/wp-content\/uploads\/2020\/03\/mollete-1-768x509.jpg 768w\" sizes=\"auto, (max-width: 767px) 89vw, (max-width: 1000px) 54vw, (max-width: 1071px) 543px, 580px\" \/><\/figure>\n\n\n\n<p><em>El mollete de Marchena es un producto salado elaborado a base de masa de harina de trigo muy blanda,  horneado, con olor y sabor caracter\u00edstico.  Contiene: gluten, s\u00e9samo.<\/em><\/p>\n\n\n\n<figure class=\"wp-block-image size-large\"><img loading=\"lazy\" decoding=\"async\" width=\"800\" height=\"530\" src=\"http:\/\/panaderialacuesta.com\/wp-content\/uploads\/2020\/03\/mollete-frances.jpg\" alt=\"\" class=\"wp-image-616\" srcset=\"https:\/\/panaderialacuesta.com\/wp-content\/uploads\/2020\/03\/mollete-frances.jpg 800w, https:\/\/panaderialacuesta.com\/wp-content\/uploads\/2020\/03\/mollete-frances-300x199.jpg 300w, https:\/\/panaderialacuesta.com\/wp-content\/uploads\/2020\/03\/mollete-frances-768x509.jpg 768w\" sizes=\"auto, (max-width: 767px) 89vw, (max-width: 1000px) 54vw, (max-width: 1071px) 543px, 580px\" \/><figcaption><em>El mollete Franc\u00e9s  es un producto salado elaborado a base de masa de harina de trigo muy blanda,  horneado, con olor y sabor caracter\u00edstico.  Contiene: gluten, puede contener s\u00e9samo.<\/em><\/figcaption><\/figure>\n\n\n\n<p><\/p>\n","protected":false},"excerpt":{"rendered":"<p>El mollete de Marchena es un producto salado elaborado a base de masa de harina de trigo muy blanda, horneado, con olor y sabor caracter\u00edstico. Contiene: gluten, s\u00e9samo.<\/p>\n","protected":false},"author":1,"featured_media":0,"comment_status":"open","ping_status":"open","sticky":false,"template":"","format":"standard","meta":{"footnotes":""},"categories":[1],"tags":[],"class_list":["post-612","post","type-post","status-publish","format-standard","hentry","category-productos-elaborados"],"_links":{"self":[{"href":"https:\/\/panaderialacuesta.com\/index.php\/wp-json\/wp\/v2\/posts\/612","targetHints":{"allow":["GET"]}}],"collection":[{"href":"https:\/\/panaderialacuesta.com\/index.php\/wp-json\/wp\/v2\/posts"}],"about":[{"href":"https:\/\/panaderialacuesta.com\/index.php\/wp-json\/wp\/v2\/types\/post"}],"author":[{"embeddable":true,"href":"https:\/\/panaderialacuesta.com\/index.php\/wp-json\/wp\/v2\/users\/1"}],"replies":[{"embeddable":true,"href":"https:\/\/panaderialacuesta.com\/index.php\/wp-json\/wp\/v2\/comments?post=612"}],"version-history":[{"count":4,"href":"https:\/\/panaderialacuesta.com\/index.php\/wp-json\/wp\/v2\/posts\/612\/revisions"}],"predecessor-version":[{"id":619,"href":"https:\/\/panaderialacuesta.com\/index.php\/wp-json\/wp\/v2\/posts\/612\/revisions\/619"}],"wp:attachment":[{"href":"https:\/\/panaderialacuesta.com\/index.php\/wp-json\/wp\/v2\/media?parent=612"}],"wp:term":[{"taxonomy":"category","embeddable":true,"href":"https:\/\/panaderialacuesta.com\/index.php\/wp-json\/wp\/v2\/categories?post=612"},{"taxonomy":"post_tag","embeddable":true,"href":"https:\/\/panaderialacuesta.com\/index.php\/wp-json\/wp\/v2\/tags?post=612"}],"curies":[{"name":"wp","href":"https:\/\/api.w.org\/{rel}","templated":true}]}}