{"id":878,"date":"2020-05-19T12:19:06","date_gmt":"2020-05-19T10:19:06","guid":{"rendered":"https:\/\/panaderialacuesta.com\/?p=878"},"modified":"2020-05-19T12:32:53","modified_gmt":"2020-05-19T10:32:53","slug":"el-pan-blanco","status":"publish","type":"post","link":"https:\/\/panaderialacuesta.com\/index.php\/2020\/05\/19\/el-pan-blanco\/","title":{"rendered":"El pan blanco"},"content":{"rendered":"\n<p class=\"has-drop-cap\">Producto elaborado a base de masa de harina de trigo, horneado, con olor caracter\u00edstico y sabor salado<\/p>\n\n\n\n<p class=\"has-drop-cap\">Contiene: gluten.<\/p>\n\n\n\n<p class=\"has-drop-cap\">Puede contener trazas de s\u00e9samo.<\/p>\n\n\n\n<div class=\"wp-block-jetpack-tiled-gallery aligncenter is-style-rectangular has-rounded-corners-5\"><div class=\"tiled-gallery__gallery\"><div class=\"tiled-gallery__row\"><div class=\"tiled-gallery__col\"><figure class=\"tiled-gallery__item\"><img decoding=\"async\" alt=\"\" data-height=\"530\" data-id=\"882\" data-link=\"https:\/\/panaderialacuesta.com\/index.php\/2020\/05\/19\/el-pan-blanco\/bollito\/\" data-url=\"https:\/\/panaderialacuesta.com\/wp-content\/uploads\/2020\/05\/bollito.jpg\" data-width=\"800\" src=\"https:\/\/i0.wp.com\/panaderialacuesta.com\/wp-content\/uploads\/2020\/05\/bollito.jpg?ssl=1\"\/><\/figure><\/div><div class=\"tiled-gallery__col\"><figure class=\"tiled-gallery__item\"><img decoding=\"async\" alt=\"\" data-height=\"530\" data-id=\"883\" data-link=\"https:\/\/panaderialacuesta.com\/index.php\/2020\/05\/19\/el-pan-blanco\/bollo-1\/\" data-url=\"https:\/\/panaderialacuesta.com\/wp-content\/uploads\/2020\/05\/bollo-1.jpg\" data-width=\"800\" src=\"https:\/\/i2.wp.com\/panaderialacuesta.com\/wp-content\/uploads\/2020\/05\/bollo-1.jpg?ssl=1\"\/><\/figure><figure class=\"tiled-gallery__item\"><img decoding=\"async\" alt=\"\" data-height=\"530\" data-id=\"885\" data-link=\"https:\/\/panaderialacuesta.com\/index.php\/2020\/05\/19\/el-pan-blanco\/picaito-blanco\/\" data-url=\"https:\/\/panaderialacuesta.com\/wp-content\/uploads\/2020\/05\/picaito-blanco.jpg\" data-width=\"800\" src=\"https:\/\/i2.wp.com\/panaderialacuesta.com\/wp-content\/uploads\/2020\/05\/picaito-blanco.jpg?ssl=1\"\/><\/figure><\/div><\/div><div class=\"tiled-gallery__row\"><div class=\"tiled-gallery__col\"><figure class=\"tiled-gallery__item\"><img decoding=\"async\" alt=\"\" data-height=\"530\" data-id=\"886\" data-link=\"https:\/\/panaderialacuesta.com\/index.php\/2020\/05\/19\/el-pan-blanco\/lagarto\/\" data-url=\"https:\/\/panaderialacuesta.com\/wp-content\/uploads\/2020\/05\/lagarto.jpg\" data-width=\"800\" src=\"https:\/\/i2.wp.com\/panaderialacuesta.com\/wp-content\/uploads\/2020\/05\/lagarto.jpg?ssl=1\"\/><\/figure><\/div><\/div><\/div><\/div>\n\n\n\n<figure class=\"wp-block-table\"><table class=\"has-subtle-pale-pink-background-color has-fixed-layout has-background\"><thead><tr><th>Ingredientes:<\/th><th>Al\u00e9rgenos<\/th><\/tr><\/thead><tbody><tr><td>Harina de trigo, agua,  levadura, masa madre<br>y sal<\/td><td><img loading=\"lazy\" decoding=\"async\" width=\"80\" height=\"102\" class=\"wp-image-831\" style=\"width: 80px;\" alt=\"\" src=\"https:\/\/panaderialacuesta.com\/wp-content\/uploads\/2020\/05\/gluten.jpg\"><img loading=\"lazy\" decoding=\"async\" width=\"75\" height=\"101\" class=\"wp-image-888\" style=\"width: 75px;\" alt=\"\" src=\"https:\/\/panaderialacuesta.com\/wp-content\/uploads\/2020\/05\/granos-de-sesamo.jpg\"><\/td><\/tr><tr><td><strong>Presentaci\u00f3n:<\/strong><\/td><td><strong>Condiciones de almacenamiento:<\/strong><\/td><\/tr><\/tbody><tfoot><tr><td>Envasado a granel.<\/td><td>A temperatura ambiente vida \u00fatil no m\u00e1s de 5 d\u00edas. <\/td><\/tr><\/tfoot><\/table><\/figure>\n","protected":false},"excerpt":{"rendered":"<p>Producto elaborado a base de masa de harina de trigo, horneado, con olor caracter\u00edstico y sabor salado Contiene: gluten. Puede contener trazas de s\u00e9samo. Ingredientes: Al\u00e9rgenos Harina de trigo, agua, levadura, masa madrey sal Presentaci\u00f3n: Condiciones de almacenamiento: Envasado a granel. A temperatura ambiente vida \u00fatil no m\u00e1s de 5 d\u00edas.<\/p>\n","protected":false},"author":1,"featured_media":881,"comment_status":"open","ping_status":"open","sticky":false,"template":"","format":"standard","meta":{"footnotes":""},"categories":[1],"tags":[],"class_list":["post-878","post","type-post","status-publish","format-standard","has-post-thumbnail","hentry","category-productos-elaborados"],"_links":{"self":[{"href":"https:\/\/panaderialacuesta.com\/index.php\/wp-json\/wp\/v2\/posts\/878","targetHints":{"allow":["GET"]}}],"collection":[{"href":"https:\/\/panaderialacuesta.com\/index.php\/wp-json\/wp\/v2\/posts"}],"about":[{"href":"https:\/\/panaderialacuesta.com\/index.php\/wp-json\/wp\/v2\/types\/post"}],"author":[{"embeddable":true,"href":"https:\/\/panaderialacuesta.com\/index.php\/wp-json\/wp\/v2\/users\/1"}],"replies":[{"embeddable":true,"href":"https:\/\/panaderialacuesta.com\/index.php\/wp-json\/wp\/v2\/comments?post=878"}],"version-history":[{"count":4,"href":"https:\/\/panaderialacuesta.com\/index.php\/wp-json\/wp\/v2\/posts\/878\/revisions"}],"predecessor-version":[{"id":890,"href":"https:\/\/panaderialacuesta.com\/index.php\/wp-json\/wp\/v2\/posts\/878\/revisions\/890"}],"wp:featuredmedia":[{"embeddable":true,"href":"https:\/\/panaderialacuesta.com\/index.php\/wp-json\/wp\/v2\/media\/881"}],"wp:attachment":[{"href":"https:\/\/panaderialacuesta.com\/index.php\/wp-json\/wp\/v2\/media?parent=878"}],"wp:term":[{"taxonomy":"category","embeddable":true,"href":"https:\/\/panaderialacuesta.com\/index.php\/wp-json\/wp\/v2\/categories?post=878"},{"taxonomy":"post_tag","embeddable":true,"href":"https:\/\/panaderialacuesta.com\/index.php\/wp-json\/wp\/v2\/tags?post=878"}],"curies":[{"name":"wp","href":"https:\/\/api.w.org\/{rel}","templated":true}]}}